{"id":5766,"date":"2019-07-27T15:00:02","date_gmt":"2019-07-27T18:00:02","guid":{"rendered":"https:\/\/www.cursosrapidosgratis.com.br\/blog\/ganhe-o-meio-do-emprego-ao-fazer-o-curso-rapido-de-introducao-aos-direitos-fundamentais-e-direito-do-trabalho-veja-a-causa\/"},"modified":"2019-07-27T15:00:03","modified_gmt":"2019-07-27T18:00:03","slug":"ganhe-o-meio-do-emprego-ao-fazer-o-curso-rapido-de-introducao-aos-direitos-fundamentais-e-direito-do-trabalho-veja-a-causa","status":"publish","type":"post","link":"https:\/\/www.cursosrapidosgratis.com.br\/blog\/ganhe-o-meio-do-emprego-ao-fazer-o-curso-rapido-de-introducao-aos-direitos-fundamentais-e-direito-do-trabalho-veja-a-causa\/","title":{"rendered":"Ganhe o meio do emprego ao fazer o curso r\u00e1pido de introdu\u00e7\u00e3o aos  direitos fundamentais e direito do trabalho:  veja a causa"},"content":{"rendered":"<p>Saiba de que maneira o curso r\u00e1pido de Introdu\u00e7\u00e3o aos  Direitos Fundamentais e Direito do Trabalho \u00e9 capaz agregar a melhorar seu ordenado e inclusive suas habilidades de trabalho. <\/p>\n<p>O quadro do setor profissional muda conforme o cen\u00e1rio econ\u00f4mico pelo qual encontra-se o Brasil. <\/p>\n<p>Todavia indiferentemente da etapa que est\u00e1 o setor de trabalho, voc\u00ea precisa de um sal\u00e1rio fixo para  liquidar os seus custos. <\/p>\n<p>Afinal de contas,  os gastos nunca param de chegar, voc\u00ea como assalariado ou desempregado.   <\/p>\n<p>Logo para concorrer uma ocupa\u00e7\u00e3o, sendo o exerc\u00edcio profissional o primeiro ou n\u00e3o, e at\u00e9 mesmo para prosseguir atuando, voc\u00ea necessita se sobressai de outros concorrentes. <\/p>\n<p>De que maneira efetuar isso: O <a href=\"\/cursos\/administracao\/introducao-aos-direitos-fundamentais-e-direito-do-trabalho-213\"> curso r\u00e1pido de Introdu\u00e7\u00e3o aos  Direitos Fundamentais e Direito do Trabalho<\/a> \u00e9 a op\u00e7\u00e3o favor\u00e1vel deste avan\u00e7o. Todavia n\u00f3s iremos mostrar o porqu\u00ea. <\/p>\n<p><a class=\"btn-ads\" style=\"background-color: #dd4040\" href=\"\/matricular\/administracao\/introducao-aos-direitos-fundamentais-e-direito-do-trabalho-213\">MATRICULAR AGORA<\/a><\/p>\n<p><img decoding=\"async\" class=\"size-full wp-image-361\" alt=\"curso r\u00e1pido de Introdu\u00e7\u00e3o aos  Direitos Fundamentais e Direito do Trabalho\" src=\"https:\/\/www.cursosrapidosgratis.com.br\/blog\/wp-content\/uploads\/2019\/07\/2177.jpg\" width=\"auto\"> <\/img><\/p>\n<div id=\"ez-toc-container\" class=\"ez-toc-v2_0_50 counter-hierarchy ez-toc-counter ez-toc-grey ez-toc-container-direction\">\n<div class=\"ez-toc-title-container\">\n<p class=\"ez-toc-title\">O que voc&ecirc; vai ler no texto<\/p>\n<span class=\"ez-toc-title-toggle\"><a href=\"#\" class=\"ez-toc-pull-right ez-toc-btn ez-toc-btn-xs ez-toc-btn-default ez-toc-toggle\" aria-label=\"Toggle Table of Content\" role=\"button\"><label for=\"item-69f529cd9d120\" aria-hidden=\"true\"><span style=\"display: flex;align-items: center;width: 35px;height: 30px;justify-content: center;direction:ltr;\"><svg style=\"fill: #999;color:#999\" xmlns=\"http:\/\/www.w3.org\/2000\/svg\" class=\"list-377408\" width=\"20px\" height=\"20px\" viewBox=\"0 0 24 24\" fill=\"none\"><path d=\"M6 6H4v2h2V6zm14 0H8v2h12V6zM4 11h2v2H4v-2zm16 0H8v2h12v-2zM4 16h2v2H4v-2zm16 0H8v2h12v-2z\" fill=\"currentColor\"><\/path><\/svg><svg style=\"fill: #999;color:#999\" class=\"arrow-unsorted-368013\" xmlns=\"http:\/\/www.w3.org\/2000\/svg\" width=\"10px\" height=\"10px\" viewBox=\"0 0 24 24\" version=\"1.2\" baseProfile=\"tiny\"><path d=\"M18.2 9.3l-6.2-6.3-6.2 6.3c-.2.2-.3.4-.3.7s.1.5.3.7c.2.2.4.3.7.3h11c.3 0 .5-.1.7-.3.2-.2.3-.5.3-.7s-.1-.5-.3-.7zM5.8 14.7l6.2 6.3 6.2-6.3c.2-.2.3-.5.3-.7s-.1-.5-.3-.7c-.2-.2-.4-.3-.7-.3h-11c-.3 0-.5.1-.7.3-.2.2-.3.5-.3.7s.1.5.3.7z\"\/><\/svg><\/span><\/label><input  type=\"checkbox\" id=\"item-69f529cd9d120\"><\/a><\/span><\/div>\n<nav><ul class='ez-toc-list ez-toc-list-level-1 ' ><li class='ez-toc-page-1 ez-toc-heading-level-2'><a class=\"ez-toc-link ez-toc-heading-1\" href=\"https:\/\/www.cursosrapidosgratis.com.br\/blog\/ganhe-o-meio-do-emprego-ao-fazer-o-curso-rapido-de-introducao-aos-direitos-fundamentais-e-direito-do-trabalho-veja-a-causa\/#Certificado_para_Nota_em_Processo_Seletivo_Simplificado\" title=\"Certificado para Nota em Processo Seletivo Simplificado\">Certificado para Nota em Processo Seletivo Simplificado<\/a><\/li><li class='ez-toc-page-1 ez-toc-heading-level-2'><a class=\"ez-toc-link ez-toc-heading-2\" href=\"https:\/\/www.cursosrapidosgratis.com.br\/blog\/ganhe-o-meio-do-emprego-ao-fazer-o-curso-rapido-de-introducao-aos-direitos-fundamentais-e-direito-do-trabalho-veja-a-causa\/#Certificado_para_Atividades_Academicas_Culturais\" title=\"Certificado para Atividades Acad\u00eamicas Culturais\">Certificado para Atividades Acad\u00eamicas Culturais<\/a><\/li><li class='ez-toc-page-1 ez-toc-heading-level-2'><a class=\"ez-toc-link ez-toc-heading-3\" href=\"https:\/\/www.cursosrapidosgratis.com.br\/blog\/ganhe-o-meio-do-emprego-ao-fazer-o-curso-rapido-de-introducao-aos-direitos-fundamentais-e-direito-do-trabalho-veja-a-causa\/#Certificado_para_Estudar_com_Foco_no_Concurso_Publico\" title=\"Certificado para Estudar com Foco no Concurso P\u00fablico\">Certificado para Estudar com Foco no Concurso P\u00fablico<\/a><\/li><li class='ez-toc-page-1 ez-toc-heading-level-2'><a class=\"ez-toc-link ez-toc-heading-4\" href=\"https:\/\/www.cursosrapidosgratis.com.br\/blog\/ganhe-o-meio-do-emprego-ao-fazer-o-curso-rapido-de-introducao-aos-direitos-fundamentais-e-direito-do-trabalho-veja-a-causa\/#Portanto_Porque_Realizar_o_curso_rapido_de_Introducao_aos_Direitos_Fundamentais_e_Direito_do_Trabalho\" title=\" Portanto Porqu\u00ea Realizar o curso r\u00e1pido de Introdu\u00e7\u00e3o aos  Direitos Fundamentais e Direito do Trabalho\"> Portanto Porqu\u00ea Realizar o curso r\u00e1pido de Introdu\u00e7\u00e3o aos  Direitos Fundamentais e Direito do Trabalho<\/a><\/li><\/ul><\/nav><\/div>\n<h2><span class=\"ez-toc-section\" id=\"Certificado_para_Nota_em_Processo_Seletivo_Simplificado\"><\/span>Certificado para Nota em Processo Seletivo Simplificado<span class=\"ez-toc-section-end\"><\/span><\/h2>\n<p>O PSS \u00e9 uma forma do governo empregar professores, auxiliares de limpeza, eletricistas e diversas outras \u00e1reas para atuarem momentaneamente nas escolas. <\/p>\n<p>O tempo de trabalho \u00e9 de 12 meses,  todavia a cada dois trimestres s\u00e3o dispon\u00edveis candidaturas, ou melhor, voc\u00ea  consegue tentar de novo.<\/p>\n<p>Entre uma das etapas do processo seletivo h\u00e1 a comprova\u00e7\u00e3o de  seus aprendizados, quanto maiores  ensinos, mais  s\u00e3o as possibilidades de voc\u00ea  obter uma posi\u00e7\u00e3o. E o curso r\u00e1pido de Introdu\u00e7\u00e3o aos  Direitos Fundamentais e Direito do Trabalho consegue ajud\u00e1-lo nisso.<\/p>\n<h2><span class=\"ez-toc-section\" id=\"Certificado_para_Atividades_Academicas_Culturais\"><\/span>Certificado para Atividades Acad\u00eamicas Culturais<span class=\"ez-toc-section-end\"><\/span><\/h2>\n<p>Acad\u00eamicos devem efetuar  v\u00e1rias  atividades externas da universidade, s\u00e3o obrigat\u00f3rias, ou realiza ou reprova! Cada curso h\u00e1 suas  especifica\u00e7\u00f5es  acerca do tema, contudo uma coisa \u00e9 certa: at\u00e9 o final do curso r\u00e1pido de Introdu\u00e7\u00e3o aos  Direitos Fundamentais e Direito do Trabalho \u00e9  necess\u00e1rio  adquirir todas as Atividades Extracurriculares.<\/p>\n<p>E entre as programa\u00e7\u00f5es que podem ser executadas  encontra-se o curso de aprimoramento. E a distin\u00e7\u00e3o de todas as outras \u00e9 que voc\u00ea pode execut\u00e1-lo no instante que estiver menos apurado na faculdade, pois tentar conciliar  estas atividades na \u00e9poca de avalia\u00e7\u00e3o ningu\u00e9m merece, n\u00e3o \u00e9 mesmo?<\/p>\n<h2><span class=\"ez-toc-section\" id=\"Certificado_para_Estudar_com_Foco_no_Concurso_Publico\"><\/span>Certificado para Estudar com Foco no Concurso P\u00fablico<span class=\"ez-toc-section-end\"><\/span><\/h2>\n<p>Se voc\u00ea tem o desejo de adquirir  confian\u00e7a no servi\u00e7o  e ganhar  um honor\u00e1rio relativamente  bom e acha que com o  concurso p\u00fablico voc\u00ea  pode   isso, ent\u00e3o de certeza j\u00e1 andou vendo e  viu que diversos outros pensam justamente pr\u00f3ximo a voc\u00ea, o que  torna o concurso p\u00fablico dif\u00edcil<\/p>\n<p>H\u00e1 diversos livros   liberados em lojas, livrarias e em  outros locais,  por\u00e9m os documentos normalmente s\u00e3o muito caros. Aqui voc\u00ea  consegue usar o curso r\u00e1pido de Introdu\u00e7\u00e3o aos  Direitos Fundamentais e Direito do Trabalho para estudar para concurso sem gasto.<\/p>\n<p>Essas s\u00e3o  apenas algumas das oportunidades pra usar o certificado, existem algumas outras. Mas pra  esta conversa n\u00e3o ficar t\u00e3o comprida, j\u00e1 vamos lhe  revelar sobre as  conveni\u00eancias em estar em posse o certificado do curso r\u00e1pido de Introdu\u00e7\u00e3o aos  Direitos Fundamentais e Direito do Trabalho.<\/p>\n<p><a class=\"btn-ads\" style=\"background-color: #dd4040\" href=\"\/matricular\/administracao\/introducao-aos-direitos-fundamentais-e-direito-do-trabalho-213\">MATRICULE-SE AGORA<\/a><\/p>\n<h2><span class=\"ez-toc-section\" id=\"Portanto_Porque_Realizar_o_curso_rapido_de_Introducao_aos_Direitos_Fundamentais_e_Direito_do_Trabalho\"><\/span> Portanto Porqu\u00ea Realizar o curso r\u00e1pido de Introdu\u00e7\u00e3o aos  Direitos Fundamentais e Direito do Trabalho<span class=\"ez-toc-section-end\"><\/span><\/h2>\n<p>J\u00e1 que voc\u00ea j\u00e1 sabe in\u00fameras formas de benef\u00edcio em fazer curso r\u00e1pido de Introdu\u00e7\u00e3o aos  Direitos Fundamentais e Direito do Trabalho que te proporciona a confian\u00e7a de ensino de acordo com as rotinas do trabalho e que te oferece o certificado para que  o use de muitas probabilidades, curse de acordo com os nossos mais de 40 mil discentes que est\u00e3o em todo pa\u00eds.      <\/p>\n<p>Agora \u00e9 apenas concluir sua inscri\u00e7\u00e3o, come\u00e7ar a aprimorar-se e pleitear  seu certificado. Bons Ensinamentos !<\/p>\n<p><a class=\"btn-ads\" style=\"background-color: #f0ad4e\" href=\"\/matricular\/administracao\/introducao-aos-direitos-fundamentais-e-direito-do-trabalho-213\">FAZER INSCRI\u00c7\u00c3O AGORA<\/a><\/p>\n","protected":false},"excerpt":{"rendered":"<p> O per\u00edodo de estudo \u00e9 selecionado no come\u00e7o do curso r\u00e1pido de Introdu\u00e7\u00e3o aos  Direitos Fundamentais e Direito do Trabalho, quanto mais horas voc\u00ea  escolher em se qualificar, maior ser\u00e1 a quantia de material e o n\u00famero de tempo no certificado. Dado 100% \u00e0 decis\u00e3o do educando.                         <\/p>\n","protected":false},"author":1,"featured_media":5768,"comment_status":"open","ping_status":"open","sticky":false,"template":"","format":"standard","meta":[],"categories":[107,105,2,360],"tags":[],"yoast_head":"<!-- This site is optimized with the Yoast SEO plugin v20.9 - https:\/\/yoast.com\/wordpress\/plugins\/seo\/ -->\n<title>Ganhe o meio do emprego ao fazer o curso r\u00e1pido de introdu\u00e7\u00e3o aos direitos fundamentais e direito do trabalho: veja a causa - Cursos Gratuitos<\/title>\n<meta name=\"robots\" content=\"index, follow, max-snippet:-1, max-image-preview:large, max-video-preview:-1\" \/>\n<link rel=\"canonical\" href=\"https:\/\/www.cursosrapidosgratis.com.br\/blog\/amp\/ganhe-o-meio-do-emprego-ao-fazer-o-curso-rapido-de-introducao-aos-direitos-fundamentais-e-direito-do-trabalho-veja-a-causa\/\" \/>\n<meta property=\"og:locale\" content=\"pt_BR\" \/>\n<meta property=\"og:type\" content=\"article\" \/>\n<meta property=\"og:title\" content=\"Ganhe o meio do emprego ao fazer o curso r\u00e1pido de introdu\u00e7\u00e3o aos direitos fundamentais e direito do trabalho: veja a causa - Cursos Gratuitos\" \/>\n<meta property=\"og:description\" content=\"O per\u00edodo de estudo \u00e9 selecionado no come\u00e7o do curso r\u00e1pido de Introdu\u00e7\u00e3o aos Direitos Fundamentais e Direito do Trabalho, quanto mais horas voc\u00ea escolher em se qualificar, maior ser\u00e1 a quantia de material e o n\u00famero de tempo no certificado. Dado 100% \u00e0 decis\u00e3o do educando.\" \/>\n<meta property=\"og:url\" content=\"https:\/\/www.cursosrapidosgratis.com.br\/blog\/amp\/ganhe-o-meio-do-emprego-ao-fazer-o-curso-rapido-de-introducao-aos-direitos-fundamentais-e-direito-do-trabalho-veja-a-causa\/\" \/>\n<meta property=\"og:site_name\" content=\"Cursos Gratuitos\" \/>\n<meta property=\"article:publisher\" content=\"https:\/\/www.facebook.com\/cursosrapidosgratis\" \/>\n<meta property=\"article:published_time\" content=\"2019-07-27T18:00:02+00:00\" \/>\n<meta property=\"article:modified_time\" content=\"2019-07-27T18:00:03+00:00\" \/>\n<meta property=\"og:image\" content=\"https:\/\/www.cursosrapidosgratis.com.br\/blog\/wp-content\/uploads\/2019\/07\/2090-1.jpg\" \/>\n\t<meta property=\"og:image:width\" content=\"484\" \/>\n\t<meta property=\"og:image:height\" content=\"323\" \/>\n\t<meta property=\"og:image:type\" content=\"image\/jpeg\" \/>\n<meta name=\"author\" content=\"Professor do Cursos R\u00e1pidos Gr\u00e1tis\" \/>\n<meta name=\"twitter:card\" content=\"summary_large_image\" \/>\n<meta name=\"twitter:label1\" content=\"Written by\" \/>\n\t<meta name=\"twitter:data1\" content=\"Professor do Cursos R\u00e1pidos Gr\u00e1tis\" \/>\n\t<meta name=\"twitter:label2\" content=\"Est. reading time\" \/>\n\t<meta name=\"twitter:data2\" content=\"3 minutos\" \/>\n<script type=\"application\/ld+json\" class=\"yoast-schema-graph\">{\"@context\":\"https:\/\/schema.org\",\"@graph\":[{\"@type\":\"WebPage\",\"@id\":\"https:\/\/www.cursosrapidosgratis.com.br\/blog\/amp\/ganhe-o-meio-do-emprego-ao-fazer-o-curso-rapido-de-introducao-aos-direitos-fundamentais-e-direito-do-trabalho-veja-a-causa\/\",\"url\":\"https:\/\/www.cursosrapidosgratis.com.br\/blog\/amp\/ganhe-o-meio-do-emprego-ao-fazer-o-curso-rapido-de-introducao-aos-direitos-fundamentais-e-direito-do-trabalho-veja-a-causa\/\",\"name\":\"Ganhe o meio do emprego ao fazer o curso r\u00e1pido de introdu\u00e7\u00e3o aos direitos fundamentais e direito do trabalho: veja a causa - Cursos Gratuitos\",\"isPartOf\":{\"@id\":\"https:\/\/www.cursosrapidosgratis.com.br\/blog\/#website\"},\"datePublished\":\"2019-07-27T18:00:02+00:00\",\"dateModified\":\"2019-07-27T18:00:03+00:00\",\"author\":{\"@id\":\"https:\/\/www.cursosrapidosgratis.com.br\/blog\/#\/schema\/person\/f7121ed0b16ec46972997789aaf55b4e\"},\"breadcrumb\":{\"@id\":\"https:\/\/www.cursosrapidosgratis.com.br\/blog\/amp\/ganhe-o-meio-do-emprego-ao-fazer-o-curso-rapido-de-introducao-aos-direitos-fundamentais-e-direito-do-trabalho-veja-a-causa\/#breadcrumb\"},\"inLanguage\":\"pt-BR\",\"potentialAction\":[{\"@type\":\"ReadAction\",\"target\":[\"https:\/\/www.cursosrapidosgratis.com.br\/blog\/amp\/ganhe-o-meio-do-emprego-ao-fazer-o-curso-rapido-de-introducao-aos-direitos-fundamentais-e-direito-do-trabalho-veja-a-causa\/\"]}]},{\"@type\":\"BreadcrumbList\",\"@id\":\"https:\/\/www.cursosrapidosgratis.com.br\/blog\/amp\/ganhe-o-meio-do-emprego-ao-fazer-o-curso-rapido-de-introducao-aos-direitos-fundamentais-e-direito-do-trabalho-veja-a-causa\/#breadcrumb\",\"itemListElement\":[{\"@type\":\"ListItem\",\"position\":1,\"name\":\"Home\",\"item\":\"https:\/\/www.cursosrapidosgratis.com.br\/blog\/\"},{\"@type\":\"ListItem\",\"position\":2,\"name\":\"Ganhe o meio do emprego ao fazer o curso r\u00e1pido de introdu\u00e7\u00e3o aos direitos fundamentais e direito do trabalho: veja a causa\"}]},{\"@type\":\"WebSite\",\"@id\":\"https:\/\/www.cursosrapidosgratis.com.br\/blog\/#website\",\"url\":\"https:\/\/www.cursosrapidosgratis.com.br\/blog\/\",\"name\":\"Cursos Gratuitos\",\"description\":\"Cursos R\u00e1pidos Gr\u00e1tis\",\"potentialAction\":[{\"@type\":\"SearchAction\",\"target\":{\"@type\":\"EntryPoint\",\"urlTemplate\":\"https:\/\/www.cursosrapidosgratis.com.br\/blog\/?s={search_term_string}\"},\"query-input\":\"required name=search_term_string\"}],\"inLanguage\":\"pt-BR\"},{\"@type\":\"Person\",\"@id\":\"https:\/\/www.cursosrapidosgratis.com.br\/blog\/#\/schema\/person\/f7121ed0b16ec46972997789aaf55b4e\",\"name\":\"Professor do Cursos R\u00e1pidos Gr\u00e1tis\",\"image\":{\"@type\":\"ImageObject\",\"inLanguage\":\"pt-BR\",\"@id\":\"https:\/\/www.cursosrapidosgratis.com.br\/blog\/#\/schema\/person\/image\/\",\"url\":\"https:\/\/secure.gravatar.com\/avatar\/fa0b799eff73f32e2428b13223929bd9?s=96&d=mm&r=g\",\"contentUrl\":\"https:\/\/secure.gravatar.com\/avatar\/fa0b799eff73f32e2428b13223929bd9?s=96&d=mm&r=g\",\"caption\":\"Professor do Cursos R\u00e1pidos Gr\u00e1tis\"},\"url\":\"https:\/\/www.cursosrapidosgratis.com.br\/blog\/author\/crg-admin\/\"}]}<\/script>\n<!-- \/ Yoast SEO plugin. -->","yoast_head_json":{"title":"Ganhe o meio do emprego ao fazer o curso r\u00e1pido de introdu\u00e7\u00e3o aos direitos fundamentais e direito do trabalho: veja a causa - Cursos Gratuitos","robots":{"index":"index","follow":"follow","max-snippet":"max-snippet:-1","max-image-preview":"max-image-preview:large","max-video-preview":"max-video-preview:-1"},"canonical":"https:\/\/www.cursosrapidosgratis.com.br\/blog\/amp\/ganhe-o-meio-do-emprego-ao-fazer-o-curso-rapido-de-introducao-aos-direitos-fundamentais-e-direito-do-trabalho-veja-a-causa\/","og_locale":"pt_BR","og_type":"article","og_title":"Ganhe o meio do emprego ao fazer o curso r\u00e1pido de introdu\u00e7\u00e3o aos direitos fundamentais e direito do trabalho: veja a causa - Cursos Gratuitos","og_description":"O per\u00edodo de estudo \u00e9 selecionado no come\u00e7o do curso r\u00e1pido de Introdu\u00e7\u00e3o aos Direitos Fundamentais e Direito do Trabalho, quanto mais horas voc\u00ea escolher em se qualificar, maior ser\u00e1 a quantia de material e o n\u00famero de tempo no certificado. Dado 100% \u00e0 decis\u00e3o do educando.","og_url":"https:\/\/www.cursosrapidosgratis.com.br\/blog\/amp\/ganhe-o-meio-do-emprego-ao-fazer-o-curso-rapido-de-introducao-aos-direitos-fundamentais-e-direito-do-trabalho-veja-a-causa\/","og_site_name":"Cursos Gratuitos","article_publisher":"https:\/\/www.facebook.com\/cursosrapidosgratis","article_published_time":"2019-07-27T18:00:02+00:00","article_modified_time":"2019-07-27T18:00:03+00:00","og_image":[{"width":484,"height":323,"url":"https:\/\/www.cursosrapidosgratis.com.br\/blog\/wp-content\/uploads\/2019\/07\/2090-1.jpg","type":"image\/jpeg"}],"author":"Professor do Cursos R\u00e1pidos Gr\u00e1tis","twitter_card":"summary_large_image","twitter_misc":{"Written by":"Professor do Cursos R\u00e1pidos Gr\u00e1tis","Est. reading time":"3 minutos"},"schema":{"@context":"https:\/\/schema.org","@graph":[{"@type":"WebPage","@id":"https:\/\/www.cursosrapidosgratis.com.br\/blog\/amp\/ganhe-o-meio-do-emprego-ao-fazer-o-curso-rapido-de-introducao-aos-direitos-fundamentais-e-direito-do-trabalho-veja-a-causa\/","url":"https:\/\/www.cursosrapidosgratis.com.br\/blog\/amp\/ganhe-o-meio-do-emprego-ao-fazer-o-curso-rapido-de-introducao-aos-direitos-fundamentais-e-direito-do-trabalho-veja-a-causa\/","name":"Ganhe o meio do emprego ao fazer o curso r\u00e1pido de introdu\u00e7\u00e3o aos direitos fundamentais e direito do trabalho: veja a causa - Cursos Gratuitos","isPartOf":{"@id":"https:\/\/www.cursosrapidosgratis.com.br\/blog\/#website"},"datePublished":"2019-07-27T18:00:02+00:00","dateModified":"2019-07-27T18:00:03+00:00","author":{"@id":"https:\/\/www.cursosrapidosgratis.com.br\/blog\/#\/schema\/person\/f7121ed0b16ec46972997789aaf55b4e"},"breadcrumb":{"@id":"https:\/\/www.cursosrapidosgratis.com.br\/blog\/amp\/ganhe-o-meio-do-emprego-ao-fazer-o-curso-rapido-de-introducao-aos-direitos-fundamentais-e-direito-do-trabalho-veja-a-causa\/#breadcrumb"},"inLanguage":"pt-BR","potentialAction":[{"@type":"ReadAction","target":["https:\/\/www.cursosrapidosgratis.com.br\/blog\/amp\/ganhe-o-meio-do-emprego-ao-fazer-o-curso-rapido-de-introducao-aos-direitos-fundamentais-e-direito-do-trabalho-veja-a-causa\/"]}]},{"@type":"BreadcrumbList","@id":"https:\/\/www.cursosrapidosgratis.com.br\/blog\/amp\/ganhe-o-meio-do-emprego-ao-fazer-o-curso-rapido-de-introducao-aos-direitos-fundamentais-e-direito-do-trabalho-veja-a-causa\/#breadcrumb","itemListElement":[{"@type":"ListItem","position":1,"name":"Home","item":"https:\/\/www.cursosrapidosgratis.com.br\/blog\/"},{"@type":"ListItem","position":2,"name":"Ganhe o meio do emprego ao fazer o curso r\u00e1pido de introdu\u00e7\u00e3o aos direitos fundamentais e direito do trabalho: veja a causa"}]},{"@type":"WebSite","@id":"https:\/\/www.cursosrapidosgratis.com.br\/blog\/#website","url":"https:\/\/www.cursosrapidosgratis.com.br\/blog\/","name":"Cursos Gratuitos","description":"Cursos R\u00e1pidos Gr\u00e1tis","potentialAction":[{"@type":"SearchAction","target":{"@type":"EntryPoint","urlTemplate":"https:\/\/www.cursosrapidosgratis.com.br\/blog\/?s={search_term_string}"},"query-input":"required name=search_term_string"}],"inLanguage":"pt-BR"},{"@type":"Person","@id":"https:\/\/www.cursosrapidosgratis.com.br\/blog\/#\/schema\/person\/f7121ed0b16ec46972997789aaf55b4e","name":"Professor do Cursos R\u00e1pidos Gr\u00e1tis","image":{"@type":"ImageObject","inLanguage":"pt-BR","@id":"https:\/\/www.cursosrapidosgratis.com.br\/blog\/#\/schema\/person\/image\/","url":"https:\/\/secure.gravatar.com\/avatar\/fa0b799eff73f32e2428b13223929bd9?s=96&d=mm&r=g","contentUrl":"https:\/\/secure.gravatar.com\/avatar\/fa0b799eff73f32e2428b13223929bd9?s=96&d=mm&r=g","caption":"Professor do Cursos R\u00e1pidos Gr\u00e1tis"},"url":"https:\/\/www.cursosrapidosgratis.com.br\/blog\/author\/crg-admin\/"}]}},"_links":{"self":[{"href":"https:\/\/www.cursosrapidosgratis.com.br\/blog\/wp-json\/wp\/v2\/posts\/5766"}],"collection":[{"href":"https:\/\/www.cursosrapidosgratis.com.br\/blog\/wp-json\/wp\/v2\/posts"}],"about":[{"href":"https:\/\/www.cursosrapidosgratis.com.br\/blog\/wp-json\/wp\/v2\/types\/post"}],"author":[{"embeddable":true,"href":"https:\/\/www.cursosrapidosgratis.com.br\/blog\/wp-json\/wp\/v2\/users\/1"}],"replies":[{"embeddable":true,"href":"https:\/\/www.cursosrapidosgratis.com.br\/blog\/wp-json\/wp\/v2\/comments?post=5766"}],"version-history":[{"count":0,"href":"https:\/\/www.cursosrapidosgratis.com.br\/blog\/wp-json\/wp\/v2\/posts\/5766\/revisions"}],"wp:featuredmedia":[{"embeddable":true,"href":"https:\/\/www.cursosrapidosgratis.com.br\/blog\/wp-json\/wp\/v2\/media\/5768"}],"wp:attachment":[{"href":"https:\/\/www.cursosrapidosgratis.com.br\/blog\/wp-json\/wp\/v2\/media?parent=5766"}],"wp:term":[{"taxonomy":"category","embeddable":true,"href":"https:\/\/www.cursosrapidosgratis.com.br\/blog\/wp-json\/wp\/v2\/categories?post=5766"},{"taxonomy":"post_tag","embeddable":true,"href":"https:\/\/www.cursosrapidosgratis.com.br\/blog\/wp-json\/wp\/v2\/tags?post=5766"}],"curies":[{"name":"wp","href":"https:\/\/api.w.org\/{rel}","templated":true}]}}